{"id":8670,"date":"2026-02-26T17:14:13","date_gmt":"2026-02-26T16:14:13","guid":{"rendered":"https:\/\/ehzerwold.nl\/vive-la-france-11-und-12-juli-2026\/"},"modified":"2026-03-01T16:00:19","modified_gmt":"2026-03-01T15:00:19","slug":"vive-la-france-11-und-12-juli-2026","status":"publish","type":"post","link":"https:\/\/ehzerwold.nl\/de\/vive-la-france-11-und-12-juli-2026\/","title":{"rendered":"Vive la France | 11. und 12. Juli 2026"},"content":{"rendered":"\t\t<div data-elementor-type=\"wp-post\" data-elementor-id=\"8670\" class=\"elementor elementor-8670 elementor-8666\" data-elementor-post-type=\"post\">\n\t\t\t\t\t\t<section data-particle_enable=\"false\" data-particle-mobile-disabled=\"false\" class=\"elementor-section elementor-top-section elementor-element elementor-element-d8c91ec elementor-section-height-min-height elementor-section-boxed elementor-section-height-default elementor-section-items-middle\" data-id=\"d8c91ec\" data-element_type=\"section\" data-e-type=\"section\" data-settings=\"{&quot;background_background&quot;:&quot;classic&quot;}\">\n\t\t\t\t\t\t<div class=\"elementor-container elementor-column-gap-default\">\n\t\t\t\t\t<div class=\"elementor-column elementor-col-100 elementor-top-column elementor-element elementor-element-c6eef4e\" data-id=\"c6eef4e\" data-element_type=\"column\" data-e-type=\"column\">\n\t\t\t<div class=\"elementor-widget-wrap\">\n\t\t\t\t\t\t\t<\/div>\n\t\t<\/div>\n\t\t\t\t\t<\/div>\n\t\t<\/section>\n\t\t\t\t<section data-particle_enable=\"false\" data-particle-mobile-disabled=\"false\" class=\"elementor-section elementor-top-section elementor-element elementor-element-c9a6e5a elementor-section-boxed elementor-section-height-default elementor-section-height-default\" data-id=\"c9a6e5a\" data-element_type=\"section\" data-e-type=\"section\">\n\t\t\t\t\t\t<div class=\"elementor-container elementor-column-gap-default\">\n\t\t\t\t\t<div class=\"elementor-column elementor-col-100 elementor-top-column elementor-element elementor-element-027914c\" data-id=\"027914c\" data-element_type=\"column\" data-e-type=\"column\">\n\t\t\t<div class=\"elementor-widget-wrap elementor-element-populated\">\n\t\t\t\t\t\t<div class=\"elementor-element elementor-element-4d76b8d elementor-widget elementor-widget-spacer\" data-id=\"4d76b8d\" data-element_type=\"widget\" data-e-type=\"widget\" data-widget_type=\"spacer.default\">\n\t\t\t\t<div class=\"elementor-widget-container\">\n\t\t\t\t\t\t\t<div class=\"elementor-spacer\">\n\t\t\t<div class=\"elementor-spacer-inner\"><\/div>\n\t\t<\/div>\n\t\t\t\t\t\t<\/div>\n\t\t\t\t<\/div>\n\t\t\t\t\t<\/div>\n\t\t<\/div>\n\t\t\t\t\t<\/div>\n\t\t<\/section>\n\t\t\t\t<section data-particle_enable=\"false\" data-particle-mobile-disabled=\"false\" class=\"elementor-section elementor-top-section elementor-element elementor-element-685cacf elementor-section-boxed elementor-section-height-default elementor-section-height-default\" data-id=\"685cacf\" data-element_type=\"section\" data-e-type=\"section\">\n\t\t\t\t\t\t<div class=\"elementor-container elementor-column-gap-default\">\n\t\t\t\t\t<div class=\"elementor-column elementor-col-100 elementor-top-column elementor-element elementor-element-c942865\" data-id=\"c942865\" data-element_type=\"column\" data-e-type=\"column\">\n\t\t\t<div class=\"elementor-widget-wrap elementor-element-populated\">\n\t\t\t\t\t\t<div class=\"elementor-element elementor-element-f2ade5c elementor-widget elementor-widget-text-editor\" data-id=\"f2ade5c\" data-element_type=\"widget\" data-e-type=\"widget\" data-widget_type=\"text-editor.default\">\n\t\t\t\t<div class=\"elementor-widget-container\">\n\t\t\t\t\t\t\t\t\t<p>Vive la France &#8211; Hummelo<\/p>\t\t\t\t\t\t\t\t<\/div>\n\t\t\t\t<\/div>\n\t\t\t\t\t<\/div>\n\t\t<\/div>\n\t\t\t\t\t<\/div>\n\t\t<\/section>\n\t\t\t\t<section data-particle_enable=\"false\" data-particle-mobile-disabled=\"false\" class=\"elementor-section elementor-top-section elementor-element elementor-element-1b5f651 elementor-section-boxed elementor-section-height-default elementor-section-height-default\" data-id=\"1b5f651\" data-element_type=\"section\" data-e-type=\"section\">\n\t\t\t\t\t\t<div class=\"elementor-container elementor-column-gap-default\">\n\t\t\t\t\t<div class=\"elementor-column elementor-col-100 elementor-top-column elementor-element elementor-element-6939da5\" data-id=\"6939da5\" data-element_type=\"column\" data-e-type=\"column\">\n\t\t\t<div class=\"elementor-widget-wrap elementor-element-populated\">\n\t\t\t\t\t\t<div class=\"elementor-element elementor-element-a8ebfa7 elementor-widget elementor-widget-spacer\" data-id=\"a8ebfa7\" data-element_type=\"widget\" data-e-type=\"widget\" data-widget_type=\"spacer.default\">\n\t\t\t\t<div class=\"elementor-widget-container\">\n\t\t\t\t\t\t\t<div class=\"elementor-spacer\">\n\t\t\t<div class=\"elementor-spacer-inner\"><\/div>\n\t\t<\/div>\n\t\t\t\t\t\t<\/div>\n\t\t\t\t<\/div>\n\t\t\t\t\t<\/div>\n\t\t<\/div>\n\t\t\t\t\t<\/div>\n\t\t<\/section>\n\t\t\t\t<section data-particle_enable=\"false\" data-particle-mobile-disabled=\"false\" class=\"elementor-section elementor-top-section elementor-element elementor-element-f6f595c elementor-section-boxed elementor-section-height-default elementor-section-height-default\" data-id=\"f6f595c\" data-element_type=\"section\" data-e-type=\"section\">\n\t\t\t\t\t\t<div class=\"elementor-container elementor-column-gap-default\">\n\t\t\t\t\t<div class=\"elementor-column elementor-col-100 elementor-top-column elementor-element elementor-element-15c62348\" data-id=\"15c62348\" data-element_type=\"column\" data-e-type=\"column\">\n\t\t\t<div class=\"elementor-widget-wrap elementor-element-populated\">\n\t\t\t\t\t\t<div class=\"elementor-element elementor-element-781f8716 elementor-widget elementor-widget-text-editor\" data-id=\"781f8716\" data-element_type=\"widget\" data-e-type=\"widget\" data-widget_type=\"text-editor.default\">\n\t\t\t\t<div class=\"elementor-widget-container\">\n\t\t\t\t\t\t\t\t\t<p data-start=\"0\" data-end=\"459\">Tauchen Sie ein in <strong data-start=\"7\" data-end=\"24\">franz\u00f6sisches Flair<\/strong> beim <strong data-start=\"37\" data-end=\"55\">\u201eVive la France\u201c<\/strong> -Event in <strong data-start=\"69\" data-end=\"110\"><span class=\"hover:entity-accent entity-underline inline cursor-pointer align-baseline\"><span class=\"whitespace-normal\">Hummelo<\/span><\/span><\/strong> ! Dieses charmante zweit\u00e4gige Sommerfest verwandelt das Dorf in eine <strong data-start=\"183\" data-end=\"231\">Pariser Atmosph\u00e4re voller Antiquit\u00e4ten, Kunst und Kultur<\/strong> . Rund um die charakteristische Dorfkirche erwartet Sie ein <strong data-start=\"281\" data-end=\"320\">umfangreicher Antiquit\u00e4ten- und Kunstmarkt<\/strong> mit einer erlesenen Auswahl an Antiquit\u00e4ten, Vintage-Artikeln, handgefertigten Kreationen und einzigartigen Fundst\u00fccken. <\/p><p data-start=\"461\" data-end=\"846\">Neben dem St\u00f6bern nach einzigartigen Objekten und Kunstwerken k\u00f6nnen Sie <strong data-start=\"539\" data-end=\"592\">regionale Produkte, Musik, Theater und Unterhaltung<\/strong> genie\u00dfen, die alle zur festlichen und einladenden Atmosph\u00e4re der Veranstaltung beitragen. Das franz\u00f6sische Flair wird durch Musik, Auff\u00fchrungen und gem\u00fctliche Terrassen unterstrichen, auf denen Sie lokale K\u00f6stlichkeiten probieren und genie\u00dfen k\u00f6nnen. <\/p><p data-start=\"848\" data-end=\"1182\">\ud83d\udcc5 <strong data-start=\"851\" data-end=\"861\">Datum:<\/strong> 11. und 12. Juli 2026<br data-start=\"925\" data-end=\"928\"> \ud83d\udd5a <strong data-start=\"931\" data-end=\"940\">Zeit:<\/strong> 11:00 \u2013 18:00 Uhr<br data-start=\"958\" data-end=\"961\"> \ud83d\udccd <strong data-start=\"964\" data-end=\"976\">Lage:<\/strong> Dorpsstraat und Umgebung der Dorfkirche \u2013 Hummelo<br data-start=\"1027\" data-end=\"1030\"> \ud83c\udf9f\ufe0f <strong data-start=\"1034\" data-end=\"1046\">Tickets:<\/strong> Eintrittskarten und Parktickets sind im Vorverkauf online \u00fcber die Veranstaltungswebsite erh\u00e4ltlich.<\/p><p data-start=\"1184\" data-end=\"1383\">Erleben Sie die <strong data-start=\"1194\" data-end=\"1220\">gem\u00fctliche franz\u00f6sische Atmosph\u00e4re<\/strong> in Hummelo und verbinden Sie Ihren Besuch mit einem erholsamen Aufenthalt auf dem Landgut Ehzerwold. Entdecken Sie unsere <a href=\"https:\/\/ehzerwold.nl\/de\/hotel-pakete\/\">Arrangements<\/a> und machen Sie Ihren Sommerurlaub zu einem unvergesslichen Erlebnis. <\/p><p data-start=\"1385\" data-end=\"1472\">\ud83d\udc49 Mehr Infos und Tickets unter <a class=\"decorated-link cursor-pointer\" href=\"https:\/\/www.vive-la-france.nl\/\" target=\"_new\" rel=\"noopener\" data-start=\"1413\" data-end=\"1434\">www.vive\u2011la\u2011france.nl<\/a><\/p>\t\t\t\t\t\t\t\t<\/div>\n\t\t\t\t<\/div>\n\t\t\t\t\t<\/div>\n\t\t<\/div>\n\t\t\t\t\t<\/div>\n\t\t<\/section>\n\t\t\t\t<\/div>\n\t\t","protected":false},"excerpt":{"rendered":"<p>Erleben Sie \u201eVive la France\u201c in Hummelo: ein Sommerfest mit Antiquit\u00e4ten, Kunst, franz\u00f6sischem Flair, Musik, Theater und regionalen Produkten. Genie\u00dfen Sie die charmante Atmosph\u00e4re eines franz\u00f6sischen Dorfes im Juli 2026. <\/p>\n","protected":false},"author":5,"featured_media":8672,"comment_status":"closed","ping_status":"closed","sticky":false,"template":"","format":"standard","meta":{"_acf_changed":false,"footnotes":""},"categories":[61],"tags":[],"class_list":["post-8670","post","type-post","status-publish","format-standard","has-post-thumbnail","hentry","category-nicht-kategorisiert"],"acf":[],"yoast_head":"<!-- This site is optimized with the Yoast SEO plugin v27.5 - https:\/\/yoast.com\/product\/yoast-seo-wordpress\/ -->\n<title>Vive la France | 11. und 12. Juli 2026 - Landgoed Ehzerwold<\/title>\n<meta name=\"robots\" content=\"index, follow, max-snippet:-1, max-image-preview:large, max-video-preview:-1\" \/>\n<link rel=\"canonical\" href=\"https:\/\/ehzerwold.nl\/de\/vive-la-france-11-und-12-juli-2026\/\" \/>\n<meta property=\"og:locale\" content=\"de_DE\" \/>\n<meta property=\"og:type\" content=\"article\" \/>\n<meta property=\"og:title\" content=\"Vive la France | 11. und 12. Juli 2026 - Landgoed Ehzerwold\" \/>\n<meta property=\"og:description\" content=\"Erleben Sie \u201eVive la France\u201c in Hummelo: ein Sommerfest mit Antiquit\u00e4ten, Kunst, franz\u00f6sischem Flair, Musik, Theater und regionalen Produkten. Genie\u00dfen Sie die charmante Atmosph\u00e4re eines franz\u00f6sischen Dorfes im Juli 2026.\" \/>\n<meta property=\"og:url\" content=\"https:\/\/ehzerwold.nl\/de\/vive-la-france-11-und-12-juli-2026\/\" \/>\n<meta property=\"og:site_name\" content=\"Landgoed Ehzerwold\" \/>\n<meta property=\"article:publisher\" content=\"https:\/\/www.facebook.com\/hotellandgoedehzerwold\" \/>\n<meta property=\"article:published_time\" content=\"2026-02-26T16:14:13+00:00\" \/>\n<meta property=\"article:modified_time\" content=\"2026-03-01T15:00:19+00:00\" \/>\n<meta property=\"og:image\" content=\"https:\/\/ehzerwold.nl\/wp-content\/uploads\/2026\/03\/France-e1772372936965.jpg\" \/>\n\t<meta property=\"og:image:width\" content=\"1200\" \/>\n\t<meta property=\"og:image:height\" content=\"1200\" \/>\n\t<meta property=\"og:image:type\" content=\"image\/jpeg\" \/>\n<meta name=\"author\" content=\"Janieke Dannenberg\" \/>\n<meta name=\"twitter:card\" content=\"summary_large_image\" \/>\n<meta name=\"twitter:label1\" content=\"Verfasst von\" \/>\n\t<meta name=\"twitter:data1\" content=\"Janieke Dannenberg\" \/>\n\t<meta name=\"twitter:label2\" content=\"Gesch\u00e4tzte Lesezeit\" \/>\n\t<meta name=\"twitter:data2\" content=\"1\u00a0Minute\" \/>\n<script type=\"application\/ld+json\" class=\"yoast-schema-graph\">{\"@context\":\"https:\\\/\\\/schema.org\",\"@graph\":[{\"@type\":\"Article\",\"@id\":\"https:\\\/\\\/ehzerwold.nl\\\/de\\\/vive-la-france-11-und-12-juli-2026\\\/#article\",\"isPartOf\":{\"@id\":\"https:\\\/\\\/ehzerwold.nl\\\/de\\\/vive-la-france-11-und-12-juli-2026\\\/\"},\"author\":{\"name\":\"Janieke Dannenberg\",\"@id\":\"https:\\\/\\\/ehzerwold.nl\\\/de\\\/#\\\/schema\\\/person\\\/2ddfe0e6ed2844dc53f49de18fdb0e6a\"},\"headline\":\"Vive la France | 11. und 12. Juli 2026\",\"datePublished\":\"2026-02-26T16:14:13+00:00\",\"dateModified\":\"2026-03-01T15:00:19+00:00\",\"mainEntityOfPage\":{\"@id\":\"https:\\\/\\\/ehzerwold.nl\\\/de\\\/vive-la-france-11-und-12-juli-2026\\\/\"},\"wordCount\":199,\"publisher\":{\"@id\":\"https:\\\/\\\/ehzerwold.nl\\\/de\\\/#organization\"},\"image\":{\"@id\":\"https:\\\/\\\/ehzerwold.nl\\\/de\\\/vive-la-france-11-und-12-juli-2026\\\/#primaryimage\"},\"thumbnailUrl\":\"https:\\\/\\\/ehzerwold.nl\\\/wp-content\\\/uploads\\\/2026\\\/03\\\/France-e1772372936965.jpg\",\"articleSection\":[\"Nicht kategorisiert\"],\"inLanguage\":\"de\"},{\"@type\":\"WebPage\",\"@id\":\"https:\\\/\\\/ehzerwold.nl\\\/de\\\/vive-la-france-11-und-12-juli-2026\\\/\",\"url\":\"https:\\\/\\\/ehzerwold.nl\\\/de\\\/vive-la-france-11-und-12-juli-2026\\\/\",\"name\":\"Vive la France | 11. und 12. Juli 2026 - Landgoed Ehzerwold\",\"isPartOf\":{\"@id\":\"https:\\\/\\\/ehzerwold.nl\\\/de\\\/#website\"},\"primaryImageOfPage\":{\"@id\":\"https:\\\/\\\/ehzerwold.nl\\\/de\\\/vive-la-france-11-und-12-juli-2026\\\/#primaryimage\"},\"image\":{\"@id\":\"https:\\\/\\\/ehzerwold.nl\\\/de\\\/vive-la-france-11-und-12-juli-2026\\\/#primaryimage\"},\"thumbnailUrl\":\"https:\\\/\\\/ehzerwold.nl\\\/wp-content\\\/uploads\\\/2026\\\/03\\\/France-e1772372936965.jpg\",\"datePublished\":\"2026-02-26T16:14:13+00:00\",\"dateModified\":\"2026-03-01T15:00:19+00:00\",\"breadcrumb\":{\"@id\":\"https:\\\/\\\/ehzerwold.nl\\\/de\\\/vive-la-france-11-und-12-juli-2026\\\/#breadcrumb\"},\"inLanguage\":\"de\",\"potentialAction\":[{\"@type\":\"ReadAction\",\"target\":[\"https:\\\/\\\/ehzerwold.nl\\\/de\\\/vive-la-france-11-und-12-juli-2026\\\/\"]}]},{\"@type\":\"ImageObject\",\"inLanguage\":\"de\",\"@id\":\"https:\\\/\\\/ehzerwold.nl\\\/de\\\/vive-la-france-11-und-12-juli-2026\\\/#primaryimage\",\"url\":\"https:\\\/\\\/ehzerwold.nl\\\/wp-content\\\/uploads\\\/2026\\\/03\\\/France-e1772372936965.jpg\",\"contentUrl\":\"https:\\\/\\\/ehzerwold.nl\\\/wp-content\\\/uploads\\\/2026\\\/03\\\/France-e1772372936965.jpg\",\"width\":1200,\"height\":1200},{\"@type\":\"BreadcrumbList\",\"@id\":\"https:\\\/\\\/ehzerwold.nl\\\/de\\\/vive-la-france-11-und-12-juli-2026\\\/#breadcrumb\",\"itemListElement\":[{\"@type\":\"ListItem\",\"position\":1,\"name\":\"Home\",\"item\":\"https:\\\/\\\/ehzerwold.nl\\\/de\\\/\"},{\"@type\":\"ListItem\",\"position\":2,\"name\":\"Vive la France | 11. und 12. Juli 2026\"}]},{\"@type\":\"WebSite\",\"@id\":\"https:\\\/\\\/ehzerwold.nl\\\/de\\\/#website\",\"url\":\"https:\\\/\\\/ehzerwold.nl\\\/de\\\/\",\"name\":\"Landgoed Ehzerwold\",\"description\":\"Natuurlijk Goed!\",\"publisher\":{\"@id\":\"https:\\\/\\\/ehzerwold.nl\\\/de\\\/#organization\"},\"potentialAction\":[{\"@type\":\"SearchAction\",\"target\":{\"@type\":\"EntryPoint\",\"urlTemplate\":\"https:\\\/\\\/ehzerwold.nl\\\/de\\\/?s={search_term_string}\"},\"query-input\":{\"@type\":\"PropertyValueSpecification\",\"valueRequired\":true,\"valueName\":\"search_term_string\"}}],\"inLanguage\":\"de\"},{\"@type\":\"Organization\",\"@id\":\"https:\\\/\\\/ehzerwold.nl\\\/de\\\/#organization\",\"name\":\"Hotel Landgoed Ehzerwold\",\"alternateName\":\"Landgoed Ehzerwold\",\"url\":\"https:\\\/\\\/ehzerwold.nl\\\/de\\\/\",\"logo\":{\"@type\":\"ImageObject\",\"inLanguage\":\"de\",\"@id\":\"https:\\\/\\\/ehzerwold.nl\\\/de\\\/#\\\/schema\\\/logo\\\/image\\\/\",\"url\":\"https:\\\/\\\/ehzerwold.nl\\\/wp-content\\\/uploads\\\/2024\\\/11\\\/logo_LEW_online-e1764600520739.png\",\"contentUrl\":\"https:\\\/\\\/ehzerwold.nl\\\/wp-content\\\/uploads\\\/2024\\\/11\\\/logo_LEW_online-e1764600520739.png\",\"width\":1800,\"height\":1273,\"caption\":\"Hotel Landgoed Ehzerwold\"},\"image\":{\"@id\":\"https:\\\/\\\/ehzerwold.nl\\\/de\\\/#\\\/schema\\\/logo\\\/image\\\/\"},\"sameAs\":[\"https:\\\/\\\/www.facebook.com\\\/hotellandgoedehzerwold\",\"https:\\\/\\\/www.instagram.com\\\/explore\\\/locations\\\/245668617\\\/landgoed-ehzerwold\\\/\"]},{\"@type\":\"Person\",\"@id\":\"https:\\\/\\\/ehzerwold.nl\\\/de\\\/#\\\/schema\\\/person\\\/2ddfe0e6ed2844dc53f49de18fdb0e6a\",\"name\":\"Janieke Dannenberg\",\"image\":{\"@type\":\"ImageObject\",\"inLanguage\":\"de\",\"@id\":\"https:\\\/\\\/ehzerwold.nl\\\/wp-content\\\/litespeed\\\/avatar\\\/8fa5b71d970fe1b90020167e75f95cc6.jpg?ver=1777056240\",\"url\":\"https:\\\/\\\/ehzerwold.nl\\\/wp-content\\\/litespeed\\\/avatar\\\/8fa5b71d970fe1b90020167e75f95cc6.jpg?ver=1777056240\",\"contentUrl\":\"https:\\\/\\\/ehzerwold.nl\\\/wp-content\\\/litespeed\\\/avatar\\\/8fa5b71d970fe1b90020167e75f95cc6.jpg?ver=1777056240\",\"caption\":\"Janieke Dannenberg\"},\"url\":\"https:\\\/\\\/ehzerwold.nl\\\/de\\\/author\\\/janiekedeg\\\/\"}]}<\/script>\n<!-- \/ Yoast SEO plugin. -->","yoast_head_json":{"title":"Vive la France | 11. und 12. Juli 2026 - Landgoed Ehzerwold","robots":{"index":"index","follow":"follow","max-snippet":"max-snippet:-1","max-image-preview":"max-image-preview:large","max-video-preview":"max-video-preview:-1"},"canonical":"https:\/\/ehzerwold.nl\/de\/vive-la-france-11-und-12-juli-2026\/","og_locale":"de_DE","og_type":"article","og_title":"Vive la France | 11. und 12. Juli 2026 - Landgoed Ehzerwold","og_description":"Erleben Sie \u201eVive la France\u201c in Hummelo: ein Sommerfest mit Antiquit\u00e4ten, Kunst, franz\u00f6sischem Flair, Musik, Theater und regionalen Produkten. Genie\u00dfen Sie die charmante Atmosph\u00e4re eines franz\u00f6sischen Dorfes im Juli 2026.","og_url":"https:\/\/ehzerwold.nl\/de\/vive-la-france-11-und-12-juli-2026\/","og_site_name":"Landgoed Ehzerwold","article_publisher":"https:\/\/www.facebook.com\/hotellandgoedehzerwold","article_published_time":"2026-02-26T16:14:13+00:00","article_modified_time":"2026-03-01T15:00:19+00:00","og_image":[{"width":1200,"height":1200,"url":"https:\/\/ehzerwold.nl\/wp-content\/uploads\/2026\/03\/France-e1772372936965.jpg","type":"image\/jpeg"}],"author":"Janieke Dannenberg","twitter_card":"summary_large_image","twitter_misc":{"Verfasst von":"Janieke Dannenberg","Gesch\u00e4tzte Lesezeit":"1\u00a0Minute"},"schema":{"@context":"https:\/\/schema.org","@graph":[{"@type":"Article","@id":"https:\/\/ehzerwold.nl\/de\/vive-la-france-11-und-12-juli-2026\/#article","isPartOf":{"@id":"https:\/\/ehzerwold.nl\/de\/vive-la-france-11-und-12-juli-2026\/"},"author":{"name":"Janieke Dannenberg","@id":"https:\/\/ehzerwold.nl\/de\/#\/schema\/person\/2ddfe0e6ed2844dc53f49de18fdb0e6a"},"headline":"Vive la France | 11. und 12. Juli 2026","datePublished":"2026-02-26T16:14:13+00:00","dateModified":"2026-03-01T15:00:19+00:00","mainEntityOfPage":{"@id":"https:\/\/ehzerwold.nl\/de\/vive-la-france-11-und-12-juli-2026\/"},"wordCount":199,"publisher":{"@id":"https:\/\/ehzerwold.nl\/de\/#organization"},"image":{"@id":"https:\/\/ehzerwold.nl\/de\/vive-la-france-11-und-12-juli-2026\/#primaryimage"},"thumbnailUrl":"https:\/\/ehzerwold.nl\/wp-content\/uploads\/2026\/03\/France-e1772372936965.jpg","articleSection":["Nicht kategorisiert"],"inLanguage":"de"},{"@type":"WebPage","@id":"https:\/\/ehzerwold.nl\/de\/vive-la-france-11-und-12-juli-2026\/","url":"https:\/\/ehzerwold.nl\/de\/vive-la-france-11-und-12-juli-2026\/","name":"Vive la France | 11. und 12. Juli 2026 - Landgoed Ehzerwold","isPartOf":{"@id":"https:\/\/ehzerwold.nl\/de\/#website"},"primaryImageOfPage":{"@id":"https:\/\/ehzerwold.nl\/de\/vive-la-france-11-und-12-juli-2026\/#primaryimage"},"image":{"@id":"https:\/\/ehzerwold.nl\/de\/vive-la-france-11-und-12-juli-2026\/#primaryimage"},"thumbnailUrl":"https:\/\/ehzerwold.nl\/wp-content\/uploads\/2026\/03\/France-e1772372936965.jpg","datePublished":"2026-02-26T16:14:13+00:00","dateModified":"2026-03-01T15:00:19+00:00","breadcrumb":{"@id":"https:\/\/ehzerwold.nl\/de\/vive-la-france-11-und-12-juli-2026\/#breadcrumb"},"inLanguage":"de","potentialAction":[{"@type":"ReadAction","target":["https:\/\/ehzerwold.nl\/de\/vive-la-france-11-und-12-juli-2026\/"]}]},{"@type":"ImageObject","inLanguage":"de","@id":"https:\/\/ehzerwold.nl\/de\/vive-la-france-11-und-12-juli-2026\/#primaryimage","url":"https:\/\/ehzerwold.nl\/wp-content\/uploads\/2026\/03\/France-e1772372936965.jpg","contentUrl":"https:\/\/ehzerwold.nl\/wp-content\/uploads\/2026\/03\/France-e1772372936965.jpg","width":1200,"height":1200},{"@type":"BreadcrumbList","@id":"https:\/\/ehzerwold.nl\/de\/vive-la-france-11-und-12-juli-2026\/#breadcrumb","itemListElement":[{"@type":"ListItem","position":1,"name":"Home","item":"https:\/\/ehzerwold.nl\/de\/"},{"@type":"ListItem","position":2,"name":"Vive la France | 11. und 12. Juli 2026"}]},{"@type":"WebSite","@id":"https:\/\/ehzerwold.nl\/de\/#website","url":"https:\/\/ehzerwold.nl\/de\/","name":"Landgoed Ehzerwold","description":"Natuurlijk Goed!","publisher":{"@id":"https:\/\/ehzerwold.nl\/de\/#organization"},"potentialAction":[{"@type":"SearchAction","target":{"@type":"EntryPoint","urlTemplate":"https:\/\/ehzerwold.nl\/de\/?s={search_term_string}"},"query-input":{"@type":"PropertyValueSpecification","valueRequired":true,"valueName":"search_term_string"}}],"inLanguage":"de"},{"@type":"Organization","@id":"https:\/\/ehzerwold.nl\/de\/#organization","name":"Hotel Landgoed Ehzerwold","alternateName":"Landgoed Ehzerwold","url":"https:\/\/ehzerwold.nl\/de\/","logo":{"@type":"ImageObject","inLanguage":"de","@id":"https:\/\/ehzerwold.nl\/de\/#\/schema\/logo\/image\/","url":"https:\/\/ehzerwold.nl\/wp-content\/uploads\/2024\/11\/logo_LEW_online-e1764600520739.png","contentUrl":"https:\/\/ehzerwold.nl\/wp-content\/uploads\/2024\/11\/logo_LEW_online-e1764600520739.png","width":1800,"height":1273,"caption":"Hotel Landgoed Ehzerwold"},"image":{"@id":"https:\/\/ehzerwold.nl\/de\/#\/schema\/logo\/image\/"},"sameAs":["https:\/\/www.facebook.com\/hotellandgoedehzerwold","https:\/\/www.instagram.com\/explore\/locations\/245668617\/landgoed-ehzerwold\/"]},{"@type":"Person","@id":"https:\/\/ehzerwold.nl\/de\/#\/schema\/person\/2ddfe0e6ed2844dc53f49de18fdb0e6a","name":"Janieke Dannenberg","image":{"@type":"ImageObject","inLanguage":"de","@id":"https:\/\/ehzerwold.nl\/wp-content\/litespeed\/avatar\/8fa5b71d970fe1b90020167e75f95cc6.jpg?ver=1777056240","url":"https:\/\/ehzerwold.nl\/wp-content\/litespeed\/avatar\/8fa5b71d970fe1b90020167e75f95cc6.jpg?ver=1777056240","contentUrl":"https:\/\/ehzerwold.nl\/wp-content\/litespeed\/avatar\/8fa5b71d970fe1b90020167e75f95cc6.jpg?ver=1777056240","caption":"Janieke Dannenberg"},"url":"https:\/\/ehzerwold.nl\/de\/author\/janiekedeg\/"}]}},"_links":{"self":[{"href":"https:\/\/ehzerwold.nl\/de\/wp-json\/wp\/v2\/posts\/8670","targetHints":{"allow":["GET"]}}],"collection":[{"href":"https:\/\/ehzerwold.nl\/de\/wp-json\/wp\/v2\/posts"}],"about":[{"href":"https:\/\/ehzerwold.nl\/de\/wp-json\/wp\/v2\/types\/post"}],"author":[{"embeddable":true,"href":"https:\/\/ehzerwold.nl\/de\/wp-json\/wp\/v2\/users\/5"}],"replies":[{"embeddable":true,"href":"https:\/\/ehzerwold.nl\/de\/wp-json\/wp\/v2\/comments?post=8670"}],"version-history":[{"count":3,"href":"https:\/\/ehzerwold.nl\/de\/wp-json\/wp\/v2\/posts\/8670\/revisions"}],"predecessor-version":[{"id":8755,"href":"https:\/\/ehzerwold.nl\/de\/wp-json\/wp\/v2\/posts\/8670\/revisions\/8755"}],"wp:featuredmedia":[{"embeddable":true,"href":"https:\/\/ehzerwold.nl\/de\/wp-json\/wp\/v2\/media\/8672"}],"wp:attachment":[{"href":"https:\/\/ehzerwold.nl\/de\/wp-json\/wp\/v2\/media?parent=8670"}],"wp:term":[{"taxonomy":"category","embeddable":true,"href":"https:\/\/ehzerwold.nl\/de\/wp-json\/wp\/v2\/categories?post=8670"},{"taxonomy":"post_tag","embeddable":true,"href":"https:\/\/ehzerwold.nl\/de\/wp-json\/wp\/v2\/tags?post=8670"}],"curies":[{"name":"wp","href":"https:\/\/api.w.org\/{rel}","templated":true}]}}