{"id":8261,"date":"2026-02-26T14:20:05","date_gmt":"2026-02-26T13:20:05","guid":{"rendered":"https:\/\/ehzerwold.nl\/?p=8261"},"modified":"2026-02-26T14:20:05","modified_gmt":"2026-02-26T13:20:05","slug":"zeldzaam-mooi-markt-26-april-2026","status":"publish","type":"post","link":"https:\/\/ehzerwold.nl\/de\/zeldzaam-mooi-markt-26-april-2026\/","title":{"rendered":"\u201eZeldzaam Mooi&#8220; Markt | 26. April 2026"},"content":{"rendered":"<p data-start=\"132\" data-end=\"505\">Am <strong data-start=\"135\" data-end=\"159\">Sonntag, dem 26. April 2026<\/strong>, findet in der kreativen <strong data-start=\"182\" data-end=\"207\">Laarstraat in Zutphen<\/strong> wieder das besondere Event <strong data-start=\"228\" data-end=\"245\">\u201eZeldzaam Mooi\u201d<\/strong> (Selten Sch\u00f6n) statt. Entdecken Sie einzigartige Produkte von lokalen und regionalen K\u00fcnstlern, Designern und kreativen Unternehmern. Alles ist handgefertigt, selbst entworfen oder in kleinen Auflagen hergestellt. Au\u00dferdem gibt es handwerklich hergestellte und biologische K\u00f6stlichkeiten zu probieren.   <\/p>\n<p data-start=\"507\" data-end=\"692\">Lassen Sie sich von der Live-Musik \u00fcberraschen und genie\u00dfen Sie die besondere Atmosph\u00e4re in dieser eigenwilligen Stra\u00dfe. Gerade die ungew\u00f6hnlichen Produkte und kreativen Fundst\u00fccke machen diese Veranstaltung so einzigartig. <\/p>\n<p data-start=\"694\" data-end=\"808\">\ud83d\udccd <strong data-start=\"697\" data-end=\"706\">Wo:<\/strong> Laarstraat, 7201 Zutphen<br data-start=\"731\" data-end=\"734\">\u23f0 <strong data-start=\"736\" data-end=\"748\">Wann: <\/strong>26. April 2026, 11:00 \u2013 17:00 Uhr<br data-start=\"781\" data-end=\"784\">\ud83d\udcb0 <strong data-start=\"787\" data-end=\"799\">Eintritt:<\/strong> kostenlos<\/p>\n","protected":false},"excerpt":{"rendered":"<p>Am 26. April 2026 finden Sie in der Laarstraat in Zutphen einzigartige handgefertigte Produkte, traditionelle K\u00f6stlichkeiten und Live-Musik. Entdecken, probieren und genie\u00dfen Sie dieses kreative Event! <\/p>\n","protected":false},"author":5,"featured_media":8260,"comment_status":"closed","ping_status":"closed","sticky":false,"template":"","format":"standard","meta":{"_acf_changed":false,"footnotes":""},"categories":[61],"tags":[],"class_list":["post-8261","post","type-post","status-publish","format-standard","has-post-thumbnail","hentry","category-nicht-kategorisiert"],"acf":[],"yoast_head":"<!-- This site is optimized with the Yoast SEO plugin v27.5 - https:\/\/yoast.com\/product\/yoast-seo-wordpress\/ -->\n<title>\u201eZeldzaam Mooi&quot; Markt | 26. April 2026 - Landgoed Ehzerwold<\/title>\n<meta name=\"robots\" content=\"index, follow, max-snippet:-1, max-image-preview:large, max-video-preview:-1\" \/>\n<link rel=\"canonical\" href=\"https:\/\/ehzerwold.nl\/de\/zeldzaam-mooi-markt-26-april-2026\/\" \/>\n<meta property=\"og:locale\" content=\"de_DE\" \/>\n<meta property=\"og:type\" content=\"article\" \/>\n<meta property=\"og:title\" content=\"\u201eZeldzaam Mooi&quot; Markt | 26. April 2026 - Landgoed Ehzerwold\" \/>\n<meta property=\"og:description\" content=\"Am 26. April 2026 finden Sie in der Laarstraat in Zutphen einzigartige handgefertigte Produkte, traditionelle K\u00f6stlichkeiten und Live-Musik. Entdecken, probieren und genie\u00dfen Sie dieses kreative Event!\" \/>\n<meta property=\"og:url\" content=\"https:\/\/ehzerwold.nl\/de\/zeldzaam-mooi-markt-26-april-2026\/\" \/>\n<meta property=\"og:site_name\" content=\"Landgoed Ehzerwold\" \/>\n<meta property=\"article:publisher\" content=\"https:\/\/www.facebook.com\/hotellandgoedehzerwold\" \/>\n<meta property=\"article:published_time\" content=\"2026-02-26T13:20:05+00:00\" \/>\n<meta property=\"og:image\" content=\"https:\/\/ehzerwold.nl\/wp-content\/uploads\/2026\/02\/Markt-e1772111727478.jpg\" \/>\n\t<meta property=\"og:image:width\" content=\"1200\" \/>\n\t<meta property=\"og:image:height\" content=\"1200\" \/>\n\t<meta property=\"og:image:type\" content=\"image\/jpeg\" \/>\n<meta name=\"author\" content=\"Janieke Dannenberg\" \/>\n<meta name=\"twitter:card\" content=\"summary_large_image\" \/>\n<meta name=\"twitter:label1\" content=\"Verfasst von\" \/>\n\t<meta name=\"twitter:data1\" content=\"Janieke Dannenberg\" \/>\n<script type=\"application\/ld+json\" class=\"yoast-schema-graph\">{\"@context\":\"https:\\\/\\\/schema.org\",\"@graph\":[{\"@type\":\"Article\",\"@id\":\"https:\\\/\\\/ehzerwold.nl\\\/de\\\/zeldzaam-mooi-markt-26-april-2026\\\/#article\",\"isPartOf\":{\"@id\":\"https:\\\/\\\/ehzerwold.nl\\\/de\\\/zeldzaam-mooi-markt-26-april-2026\\\/\"},\"author\":{\"name\":\"Janieke Dannenberg\",\"@id\":\"https:\\\/\\\/ehzerwold.nl\\\/de\\\/#\\\/schema\\\/person\\\/2ddfe0e6ed2844dc53f49de18fdb0e6a\"},\"headline\":\"\u201eZeldzaam Mooi&#8220; Markt | 26. April 2026\",\"datePublished\":\"2026-02-26T13:20:05+00:00\",\"mainEntityOfPage\":{\"@id\":\"https:\\\/\\\/ehzerwold.nl\\\/de\\\/zeldzaam-mooi-markt-26-april-2026\\\/\"},\"wordCount\":103,\"publisher\":{\"@id\":\"https:\\\/\\\/ehzerwold.nl\\\/de\\\/#organization\"},\"image\":{\"@id\":\"https:\\\/\\\/ehzerwold.nl\\\/de\\\/zeldzaam-mooi-markt-26-april-2026\\\/#primaryimage\"},\"thumbnailUrl\":\"https:\\\/\\\/ehzerwold.nl\\\/wp-content\\\/uploads\\\/2026\\\/02\\\/Markt-e1772111727478.jpg\",\"articleSection\":[\"Nicht kategorisiert\"],\"inLanguage\":\"de\"},{\"@type\":\"WebPage\",\"@id\":\"https:\\\/\\\/ehzerwold.nl\\\/de\\\/zeldzaam-mooi-markt-26-april-2026\\\/\",\"url\":\"https:\\\/\\\/ehzerwold.nl\\\/de\\\/zeldzaam-mooi-markt-26-april-2026\\\/\",\"name\":\"\u201eZeldzaam Mooi\\\" Markt | 26. April 2026 - Landgoed Ehzerwold\",\"isPartOf\":{\"@id\":\"https:\\\/\\\/ehzerwold.nl\\\/de\\\/#website\"},\"primaryImageOfPage\":{\"@id\":\"https:\\\/\\\/ehzerwold.nl\\\/de\\\/zeldzaam-mooi-markt-26-april-2026\\\/#primaryimage\"},\"image\":{\"@id\":\"https:\\\/\\\/ehzerwold.nl\\\/de\\\/zeldzaam-mooi-markt-26-april-2026\\\/#primaryimage\"},\"thumbnailUrl\":\"https:\\\/\\\/ehzerwold.nl\\\/wp-content\\\/uploads\\\/2026\\\/02\\\/Markt-e1772111727478.jpg\",\"datePublished\":\"2026-02-26T13:20:05+00:00\",\"breadcrumb\":{\"@id\":\"https:\\\/\\\/ehzerwold.nl\\\/de\\\/zeldzaam-mooi-markt-26-april-2026\\\/#breadcrumb\"},\"inLanguage\":\"de\",\"potentialAction\":[{\"@type\":\"ReadAction\",\"target\":[\"https:\\\/\\\/ehzerwold.nl\\\/de\\\/zeldzaam-mooi-markt-26-april-2026\\\/\"]}]},{\"@type\":\"ImageObject\",\"inLanguage\":\"de\",\"@id\":\"https:\\\/\\\/ehzerwold.nl\\\/de\\\/zeldzaam-mooi-markt-26-april-2026\\\/#primaryimage\",\"url\":\"https:\\\/\\\/ehzerwold.nl\\\/wp-content\\\/uploads\\\/2026\\\/02\\\/Markt-e1772111727478.jpg\",\"contentUrl\":\"https:\\\/\\\/ehzerwold.nl\\\/wp-content\\\/uploads\\\/2026\\\/02\\\/Markt-e1772111727478.jpg\",\"width\":1200,\"height\":1200},{\"@type\":\"BreadcrumbList\",\"@id\":\"https:\\\/\\\/ehzerwold.nl\\\/de\\\/zeldzaam-mooi-markt-26-april-2026\\\/#breadcrumb\",\"itemListElement\":[{\"@type\":\"ListItem\",\"position\":1,\"name\":\"Home\",\"item\":\"https:\\\/\\\/ehzerwold.nl\\\/de\\\/\"},{\"@type\":\"ListItem\",\"position\":2,\"name\":\"\u201eZeldzaam Mooi&#8221; Markt | 26. April 2026\"}]},{\"@type\":\"WebSite\",\"@id\":\"https:\\\/\\\/ehzerwold.nl\\\/de\\\/#website\",\"url\":\"https:\\\/\\\/ehzerwold.nl\\\/de\\\/\",\"name\":\"Landgoed Ehzerwold\",\"description\":\"Natuurlijk Goed!\",\"publisher\":{\"@id\":\"https:\\\/\\\/ehzerwold.nl\\\/de\\\/#organization\"},\"potentialAction\":[{\"@type\":\"SearchAction\",\"target\":{\"@type\":\"EntryPoint\",\"urlTemplate\":\"https:\\\/\\\/ehzerwold.nl\\\/de\\\/?s={search_term_string}\"},\"query-input\":{\"@type\":\"PropertyValueSpecification\",\"valueRequired\":true,\"valueName\":\"search_term_string\"}}],\"inLanguage\":\"de\"},{\"@type\":\"Organization\",\"@id\":\"https:\\\/\\\/ehzerwold.nl\\\/de\\\/#organization\",\"name\":\"Hotel Landgoed Ehzerwold\",\"alternateName\":\"Landgoed Ehzerwold\",\"url\":\"https:\\\/\\\/ehzerwold.nl\\\/de\\\/\",\"logo\":{\"@type\":\"ImageObject\",\"inLanguage\":\"de\",\"@id\":\"https:\\\/\\\/ehzerwold.nl\\\/de\\\/#\\\/schema\\\/logo\\\/image\\\/\",\"url\":\"https:\\\/\\\/ehzerwold.nl\\\/wp-content\\\/uploads\\\/2024\\\/11\\\/logo_LEW_online-e1764600520739.png\",\"contentUrl\":\"https:\\\/\\\/ehzerwold.nl\\\/wp-content\\\/uploads\\\/2024\\\/11\\\/logo_LEW_online-e1764600520739.png\",\"width\":1800,\"height\":1273,\"caption\":\"Hotel Landgoed Ehzerwold\"},\"image\":{\"@id\":\"https:\\\/\\\/ehzerwold.nl\\\/de\\\/#\\\/schema\\\/logo\\\/image\\\/\"},\"sameAs\":[\"https:\\\/\\\/www.facebook.com\\\/hotellandgoedehzerwold\",\"https:\\\/\\\/www.instagram.com\\\/explore\\\/locations\\\/245668617\\\/landgoed-ehzerwold\\\/\"]},{\"@type\":\"Person\",\"@id\":\"https:\\\/\\\/ehzerwold.nl\\\/de\\\/#\\\/schema\\\/person\\\/2ddfe0e6ed2844dc53f49de18fdb0e6a\",\"name\":\"Janieke Dannenberg\",\"image\":{\"@type\":\"ImageObject\",\"inLanguage\":\"de\",\"@id\":\"https:\\\/\\\/ehzerwold.nl\\\/wp-content\\\/litespeed\\\/avatar\\\/8fa5b71d970fe1b90020167e75f95cc6.jpg?ver=1777056240\",\"url\":\"https:\\\/\\\/ehzerwold.nl\\\/wp-content\\\/litespeed\\\/avatar\\\/8fa5b71d970fe1b90020167e75f95cc6.jpg?ver=1777056240\",\"contentUrl\":\"https:\\\/\\\/ehzerwold.nl\\\/wp-content\\\/litespeed\\\/avatar\\\/8fa5b71d970fe1b90020167e75f95cc6.jpg?ver=1777056240\",\"caption\":\"Janieke Dannenberg\"},\"url\":\"https:\\\/\\\/ehzerwold.nl\\\/de\\\/author\\\/janiekedeg\\\/\"}]}<\/script>\n<!-- \/ Yoast SEO plugin. -->","yoast_head_json":{"title":"\u201eZeldzaam Mooi\" Markt | 26. April 2026 - Landgoed Ehzerwold","robots":{"index":"index","follow":"follow","max-snippet":"max-snippet:-1","max-image-preview":"max-image-preview:large","max-video-preview":"max-video-preview:-1"},"canonical":"https:\/\/ehzerwold.nl\/de\/zeldzaam-mooi-markt-26-april-2026\/","og_locale":"de_DE","og_type":"article","og_title":"\u201eZeldzaam Mooi\" Markt | 26. April 2026 - Landgoed Ehzerwold","og_description":"Am 26. April 2026 finden Sie in der Laarstraat in Zutphen einzigartige handgefertigte Produkte, traditionelle K\u00f6stlichkeiten und Live-Musik. Entdecken, probieren und genie\u00dfen Sie dieses kreative Event!","og_url":"https:\/\/ehzerwold.nl\/de\/zeldzaam-mooi-markt-26-april-2026\/","og_site_name":"Landgoed Ehzerwold","article_publisher":"https:\/\/www.facebook.com\/hotellandgoedehzerwold","article_published_time":"2026-02-26T13:20:05+00:00","og_image":[{"width":1200,"height":1200,"url":"https:\/\/ehzerwold.nl\/wp-content\/uploads\/2026\/02\/Markt-e1772111727478.jpg","type":"image\/jpeg"}],"author":"Janieke Dannenberg","twitter_card":"summary_large_image","twitter_misc":{"Verfasst von":"Janieke Dannenberg"},"schema":{"@context":"https:\/\/schema.org","@graph":[{"@type":"Article","@id":"https:\/\/ehzerwold.nl\/de\/zeldzaam-mooi-markt-26-april-2026\/#article","isPartOf":{"@id":"https:\/\/ehzerwold.nl\/de\/zeldzaam-mooi-markt-26-april-2026\/"},"author":{"name":"Janieke Dannenberg","@id":"https:\/\/ehzerwold.nl\/de\/#\/schema\/person\/2ddfe0e6ed2844dc53f49de18fdb0e6a"},"headline":"\u201eZeldzaam Mooi&#8220; Markt | 26. April 2026","datePublished":"2026-02-26T13:20:05+00:00","mainEntityOfPage":{"@id":"https:\/\/ehzerwold.nl\/de\/zeldzaam-mooi-markt-26-april-2026\/"},"wordCount":103,"publisher":{"@id":"https:\/\/ehzerwold.nl\/de\/#organization"},"image":{"@id":"https:\/\/ehzerwold.nl\/de\/zeldzaam-mooi-markt-26-april-2026\/#primaryimage"},"thumbnailUrl":"https:\/\/ehzerwold.nl\/wp-content\/uploads\/2026\/02\/Markt-e1772111727478.jpg","articleSection":["Nicht kategorisiert"],"inLanguage":"de"},{"@type":"WebPage","@id":"https:\/\/ehzerwold.nl\/de\/zeldzaam-mooi-markt-26-april-2026\/","url":"https:\/\/ehzerwold.nl\/de\/zeldzaam-mooi-markt-26-april-2026\/","name":"\u201eZeldzaam Mooi\" Markt | 26. April 2026 - Landgoed Ehzerwold","isPartOf":{"@id":"https:\/\/ehzerwold.nl\/de\/#website"},"primaryImageOfPage":{"@id":"https:\/\/ehzerwold.nl\/de\/zeldzaam-mooi-markt-26-april-2026\/#primaryimage"},"image":{"@id":"https:\/\/ehzerwold.nl\/de\/zeldzaam-mooi-markt-26-april-2026\/#primaryimage"},"thumbnailUrl":"https:\/\/ehzerwold.nl\/wp-content\/uploads\/2026\/02\/Markt-e1772111727478.jpg","datePublished":"2026-02-26T13:20:05+00:00","breadcrumb":{"@id":"https:\/\/ehzerwold.nl\/de\/zeldzaam-mooi-markt-26-april-2026\/#breadcrumb"},"inLanguage":"de","potentialAction":[{"@type":"ReadAction","target":["https:\/\/ehzerwold.nl\/de\/zeldzaam-mooi-markt-26-april-2026\/"]}]},{"@type":"ImageObject","inLanguage":"de","@id":"https:\/\/ehzerwold.nl\/de\/zeldzaam-mooi-markt-26-april-2026\/#primaryimage","url":"https:\/\/ehzerwold.nl\/wp-content\/uploads\/2026\/02\/Markt-e1772111727478.jpg","contentUrl":"https:\/\/ehzerwold.nl\/wp-content\/uploads\/2026\/02\/Markt-e1772111727478.jpg","width":1200,"height":1200},{"@type":"BreadcrumbList","@id":"https:\/\/ehzerwold.nl\/de\/zeldzaam-mooi-markt-26-april-2026\/#breadcrumb","itemListElement":[{"@type":"ListItem","position":1,"name":"Home","item":"https:\/\/ehzerwold.nl\/de\/"},{"@type":"ListItem","position":2,"name":"\u201eZeldzaam Mooi&#8221; Markt | 26. April 2026"}]},{"@type":"WebSite","@id":"https:\/\/ehzerwold.nl\/de\/#website","url":"https:\/\/ehzerwold.nl\/de\/","name":"Landgoed Ehzerwold","description":"Natuurlijk Goed!","publisher":{"@id":"https:\/\/ehzerwold.nl\/de\/#organization"},"potentialAction":[{"@type":"SearchAction","target":{"@type":"EntryPoint","urlTemplate":"https:\/\/ehzerwold.nl\/de\/?s={search_term_string}"},"query-input":{"@type":"PropertyValueSpecification","valueRequired":true,"valueName":"search_term_string"}}],"inLanguage":"de"},{"@type":"Organization","@id":"https:\/\/ehzerwold.nl\/de\/#organization","name":"Hotel Landgoed Ehzerwold","alternateName":"Landgoed Ehzerwold","url":"https:\/\/ehzerwold.nl\/de\/","logo":{"@type":"ImageObject","inLanguage":"de","@id":"https:\/\/ehzerwold.nl\/de\/#\/schema\/logo\/image\/","url":"https:\/\/ehzerwold.nl\/wp-content\/uploads\/2024\/11\/logo_LEW_online-e1764600520739.png","contentUrl":"https:\/\/ehzerwold.nl\/wp-content\/uploads\/2024\/11\/logo_LEW_online-e1764600520739.png","width":1800,"height":1273,"caption":"Hotel Landgoed Ehzerwold"},"image":{"@id":"https:\/\/ehzerwold.nl\/de\/#\/schema\/logo\/image\/"},"sameAs":["https:\/\/www.facebook.com\/hotellandgoedehzerwold","https:\/\/www.instagram.com\/explore\/locations\/245668617\/landgoed-ehzerwold\/"]},{"@type":"Person","@id":"https:\/\/ehzerwold.nl\/de\/#\/schema\/person\/2ddfe0e6ed2844dc53f49de18fdb0e6a","name":"Janieke Dannenberg","image":{"@type":"ImageObject","inLanguage":"de","@id":"https:\/\/ehzerwold.nl\/wp-content\/litespeed\/avatar\/8fa5b71d970fe1b90020167e75f95cc6.jpg?ver=1777056240","url":"https:\/\/ehzerwold.nl\/wp-content\/litespeed\/avatar\/8fa5b71d970fe1b90020167e75f95cc6.jpg?ver=1777056240","contentUrl":"https:\/\/ehzerwold.nl\/wp-content\/litespeed\/avatar\/8fa5b71d970fe1b90020167e75f95cc6.jpg?ver=1777056240","caption":"Janieke Dannenberg"},"url":"https:\/\/ehzerwold.nl\/de\/author\/janiekedeg\/"}]}},"_links":{"self":[{"href":"https:\/\/ehzerwold.nl\/de\/wp-json\/wp\/v2\/posts\/8261","targetHints":{"allow":["GET"]}}],"collection":[{"href":"https:\/\/ehzerwold.nl\/de\/wp-json\/wp\/v2\/posts"}],"about":[{"href":"https:\/\/ehzerwold.nl\/de\/wp-json\/wp\/v2\/types\/post"}],"author":[{"embeddable":true,"href":"https:\/\/ehzerwold.nl\/de\/wp-json\/wp\/v2\/users\/5"}],"replies":[{"embeddable":true,"href":"https:\/\/ehzerwold.nl\/de\/wp-json\/wp\/v2\/comments?post=8261"}],"version-history":[{"count":0,"href":"https:\/\/ehzerwold.nl\/de\/wp-json\/wp\/v2\/posts\/8261\/revisions"}],"wp:featuredmedia":[{"embeddable":true,"href":"https:\/\/ehzerwold.nl\/de\/wp-json\/wp\/v2\/media\/8260"}],"wp:attachment":[{"href":"https:\/\/ehzerwold.nl\/de\/wp-json\/wp\/v2\/media?parent=8261"}],"wp:term":[{"taxonomy":"category","embeddable":true,"href":"https:\/\/ehzerwold.nl\/de\/wp-json\/wp\/v2\/categories?post=8261"},{"taxonomy":"post_tag","embeddable":true,"href":"https:\/\/ehzerwold.nl\/de\/wp-json\/wp\/v2\/tags?post=8261"}],"curies":[{"name":"wp","href":"https:\/\/api.w.org\/{rel}","templated":true}]}}